{"id":14257,"date":"2024-08-21T15:22:39","date_gmt":"2024-08-21T13:22:39","guid":{"rendered":"https:\/\/opranic.com\/fordelar-med-infrarod-inomhusvarme-fran-opranic\/"},"modified":"2026-04-21T08:02:09","modified_gmt":"2026-04-21T06:02:09","slug":"fordelar-med-infrarod-inomhusvarme-fran-opranic","status":"publish","type":"post","link":"https:\/\/opranic.com\/sv\/fordelar-med-infrarod-inomhusvarme-fran-opranic\/","title":{"rendered":"F\u00f6rdelar med infrar\u00f6d inomhusv\u00e4rme fr\u00e5n Opranic"},"content":{"rendered":"<div class=\"wpb-content-wrapper\">[vc_row][vc_column]\n<style>.vcex-heading.vcex_69f3467bbe45f{font-size:32px;}<\/style><h1 class=\"vcex-heading vcex-heading-plain vcex-module wpex-heading wpex-text-2xl vcex_69f3467bbe45f\"><span class=\"vcex-heading-inner wpex-inline-block\">F\u00f6rdelar med infrar\u00f6d inomhusv\u00e4rme<\/span><\/h1>\n<div class=\"vcex-spacing wpex-w-100 wpex-clear\" style=\"height:10px;\"><\/div>\n[vc_column_text]<span style=\"font-size: 16px;\">Effektiv infrar\u00f6d inomhusv\u00e4rme ger en \u00f6verl\u00e4gsen metod f\u00f6r uppv\u00e4rmning. Ist\u00e4llet f\u00f6r att sl\u00f6sa energi p\u00e5 att v\u00e4rma upp luften som traditionella v\u00e4rmare g\u00f6r, str\u00e5lar v\u00e5r teknik direkt ut v\u00e4rmev\u00e5gor till m\u00e4nniskor och f\u00f6rem\u00e5l, vilket garanterar minimal v\u00e4rmef\u00f6rlust och en behaglig inomhusmilj\u00f6. Detta \u00e4r en av de st\u00f6rsta f\u00f6rdelarna med infrar\u00f6d inomhusv\u00e4rme.<\/span>[\/vc_column_text]\n<div class=\"vcex-spacing wpex-w-100 wpex-clear\" style=\"height:20px;\"><\/div>\n[vc_column_text]\n<div style=\"background: #FFF8EC; border-left: 4px solid #EE9305; padding: 14px 18px; margin: 0 0 24px 0; border-radius: 4px;\">\n<p style=\"margin: 0; font-size: 15px; line-height: 1.5; color: #262626;\"><strong>Den h\u00e4r artikeln \u00e4r faktagranskad och k\u00e4llkontrollerad.<\/strong> <a style=\"color: #ee9305; font-weight: 600;\" href=\"#irv-refs\">Se rapport och k\u00e4llor l\u00e4ngst ner<\/a>.<\/p>\n<\/div>\n[\/vc_column_text]\n<h2 class=\"vcex-heading vcex-heading-plain vcex-module wpex-heading wpex-text-2xl\"><span class=\"vcex-heading-inner wpex-inline-block\">Infrar\u00f6d uppv\u00e4rmning vs. konvektionsuppv\u00e4rmning<\/span><\/h2>\n[vc_column_text]Infrav\u00e4rme inomhus \u00e4r ett effektivare alternativ \u00e4n att v\u00e4rma upp all luft i rummet med en konventionell v\u00e4rmare. Att v\u00e4rma all luft kr\u00e4ver mer tid och energi \u00e4n infrar\u00f6d uppv\u00e4rmning. Med konventionella radiatorer g\u00e5r mycket energi f\u00f6rlorad eftersom endast lite varm luft n\u00e5r m\u00e4nniskor.<\/p>\n<p>\u00c4ven om en del av v\u00e4rmev\u00e5gorna ocks\u00e5 v\u00e4rmer den omgivande luften, fungerar infrar\u00f6d v\u00e4rme fr\u00e4mst genom att v\u00e4rma f\u00f6rem\u00e5len direkt. Luft har ingen h\u00f6g massa. V\u00e4rmeb\u00f6ljor \u00f6verf\u00f6r sin v\u00e4rmeenergi fr\u00e4mst till f\u00f6rem\u00e5l i rummet, till exempel m\u00e4nniskor, m\u00f6bler och andra f\u00f6rem\u00e5l med h\u00f6gre massa. Denna metod skiljer sig fr\u00e5n traditionella v\u00e4rmare som gasv\u00e4rmare eller elektriska luftv\u00e4rmare.<\/p>\n<p>Elektrisk uppv\u00e4rmning med infrar\u00f6d ger omedelbar och m\u00e5ngsidig v\u00e4rme, s\u00e4rskilt p\u00e5 platser som inte kr\u00e4ver konstant uppv\u00e4rmning. Genom att v\u00e4rma med infrar\u00f6d v\u00e4rme ges snabb v\u00e4rme genom direkta v\u00e4rmev\u00e5gor och du blir varmare p\u00e5 n\u00e5gra minuter.<\/p>\n<p>Infrar\u00f6da v\u00e4rmare \u00e4r ocks\u00e5 allergiv\u00e4nliga, eftersom de inte cirkulerar luft och damm som kan st\u00f6ra allergener. Detta \u00e4r ett bra alternativ f\u00f6r personer med allergier. Dessutom har dessa elradiatorer inga utsl\u00e4pp av v\u00e4xthusgaser, vilket g\u00f6r dem till milj\u00f6v\u00e4nliga uppv\u00e4rmningsl\u00f6sningar.[\/vc_column_text]\n<div class=\"vcex-spacing wpex-w-100 wpex-clear\" style=\"height:15px;\"><\/div>\n<div class=\"vcex-module vcex-divider vcex-divider-solid vcex-divider-center wpex-mx-auto wpex-block wpex-h-0 wpex-border-b wpex-border-solid wpex-border-main\"><\/div>\n[\/vc_column][\/vc_row]\n[vc_row][vc_column width=&#8221;1\/2&#8243;]\n<figure class=\"vcex-image vcex-module wpex-text-left\"><div class=\"vcex-image-inner wpex-relative wpex-inline-block\"><img width=\"300\" height=\"300\" src=\"https:\/\/opranic.com\/wp-content\/uploads\/2023\/09\/300x300-opranic-panel-infrared-heater-woman-with-phone.jpg\" class=\"vcex-image-img wpex-align-middle\" alt=\"p5-serien infrar\u00f6da v\u00e4rmare opranic\" decoding=\"async\" srcset=\"https:\/\/opranic.com\/wp-content\/uploads\/2023\/09\/300x300-opranic-panel-infrared-heater-woman-with-phone.jpg 300w, https:\/\/opranic.com\/wp-content\/uploads\/2023\/09\/300x300-opranic-panel-infrared-heater-woman-with-phone-100x100.jpg 100w\" sizes=\"(max-width: 300px) 100vw, 300px\" \/><\/div><\/figure>\n<div class=\"vcex-spacing wpex-w-100 wpex-clear\"><\/div>\n<h2 class=\"vcex-heading vcex-heading-plain vcex-module wpex-heading wpex-text-2xl\"><span class=\"vcex-heading-inner wpex-inline-block\">Omedelbar och m\u00e5ngsidig v\u00e4rme<\/span><\/h2>\n[vc_column_text]Infrar\u00f6da elektriska v\u00e4rmare levererar snabb och flexibel v\u00e4rme, idealiska f\u00f6r omr\u00e5den som inte beh\u00f6ver konstant uppv\u00e4rmning. De kan ocks\u00e5 komplettera befintliga system f\u00f6r att spara energi och ge riktad komfort. Golvst\u00e5ende infrar\u00f6da enheter v\u00e4rmer p\u00e5 ett direkt och fokuserat s\u00e4tt, vilket hj\u00e4lper till att minska energianv\u00e4ndningen och undvika v\u00e4rmef\u00f6rluster. Denna effektiva v\u00e4rmeleverans g\u00f6r infrar\u00f6da v\u00e4rmepaneler till ett smart, ekonomiskt val f\u00f6r moderna inomhusv\u00e4rmebehov.[\/vc_column_text]\n[\/vc_column][vc_column width=&#8221;1\/2&#8243;]\n<figure class=\"vcex-image vcex-module wpex-text-left\"><div class=\"vcex-image-inner wpex-relative wpex-inline-block\"><img width=\"300\" height=\"300\" src=\"https:\/\/opranic.com\/wp-content\/uploads\/2023\/09\/300x300-opranic-panel-infrared-heater-chair.jpg\" class=\"vcex-image-img wpex-align-middle\" alt=\"Opranic P5-serie infrar\u00f6da v\u00e4rmare med stol\" decoding=\"async\" srcset=\"https:\/\/opranic.com\/wp-content\/uploads\/2023\/09\/300x300-opranic-panel-infrared-heater-chair.jpg 300w, https:\/\/opranic.com\/wp-content\/uploads\/2023\/09\/300x300-opranic-panel-infrared-heater-chair-100x100.jpg 100w\" sizes=\"(max-width: 300px) 100vw, 300px\" \/><\/div><\/figure>\n<div class=\"vcex-spacing wpex-w-100 wpex-clear\"><\/div>\n<h2 class=\"vcex-heading vcex-heading-plain vcex-module wpex-heading wpex-text-2xl\"><span class=\"vcex-heading-inner wpex-inline-block\">L\u00e4ngre varaktig v\u00e4rme<\/span><\/h2>\n[vc_column_text]\u00c4ven efter att v\u00e4rmaren har st\u00e4ngts av kvarst\u00e5r infrar\u00f6d v\u00e4rme i rummet eftersom v\u00e4ggar och golv frig\u00f6r lagrad v\u00e4rme. Uppv\u00e4rmda ytor str\u00e5lar ut v\u00e4rme naturligt, vilket g\u00f6r att bekv\u00e4ma temperaturer forts\u00e4tter utan extra energianv\u00e4ndning. Denna unika effekt g\u00f6r infrar\u00f6d uppv\u00e4rmning mycket effektiv och ger den en tydlig f\u00f6rdel gentemot konventionella system i inomhusmilj\u00f6er.[\/vc_column_text]\n[\/vc_column][\/vc_row]\n[vc_row][vc_column width=&#8221;1\/2&#8243;]\n<figure class=\"vcex-image vcex-module wpex-text-left\"><div class=\"vcex-image-inner wpex-relative wpex-inline-block\"><img width=\"300\" height=\"300\" src=\"https:\/\/opranic.com\/wp-content\/uploads\/2023\/09\/300x300-opranic-panel-infrared-heater-heat.jpg\" class=\"vcex-image-img wpex-align-middle\" alt=\"Opranic - P-serien j\u00e4mn v\u00e4rme\" decoding=\"async\" srcset=\"https:\/\/opranic.com\/wp-content\/uploads\/2023\/09\/300x300-opranic-panel-infrared-heater-heat.jpg 300w, https:\/\/opranic.com\/wp-content\/uploads\/2023\/09\/300x300-opranic-panel-infrared-heater-heat-100x100.jpg 100w\" sizes=\"(max-width: 300px) 100vw, 300px\" \/><\/div><\/figure>\n<div class=\"vcex-spacing wpex-w-100 wpex-clear\"><\/div>\n<h2 class=\"vcex-heading vcex-heading-plain vcex-module wpex-heading wpex-text-2xl\"><span class=\"vcex-heading-inner wpex-inline-block\">J\u00e4mn v\u00e4rmef\u00f6rdelning<\/span><\/h2>\n[vc_column_text]Opranics v\u00e4rmetr\u00e5dsteknik undviker farliga hotspots och s\u00e4kerst\u00e4ller j\u00e4mn v\u00e4rme \u00f6ver hela ytan. H\u00f6gkvalitativa v\u00e4rmemotst\u00e5nd \u00e4r placerade \u00f6ver hela panelen och l\u00e4ngs ytterkanterna f\u00f6r balanserad prestanda. Denna design garanterar en j\u00e4mn str\u00e5lningsv\u00e4rme samtidigt som energif\u00f6rbrukningen h\u00e5lls l\u00e5g, vilket erbjuder p\u00e5litlig och effektiv uppv\u00e4rmning varje dag.[\/vc_column_text]\n[\/vc_column][vc_column width=&#8221;1\/2&#8243;]\n<figure class=\"vcex-image vcex-module wpex-text-left\"><div class=\"vcex-image-inner wpex-relative wpex-inline-block\"><img width=\"300\" height=\"300\" src=\"https:\/\/opranic.com\/wp-content\/uploads\/2023\/09\/300x300-opranic-panel-infrared-heat.jpg\" class=\"vcex-image-img wpex-align-middle\" alt=\"Opraniska panelv\u00e4rmare str\u00e5lning\" decoding=\"async\" srcset=\"https:\/\/opranic.com\/wp-content\/uploads\/2023\/09\/300x300-opranic-panel-infrared-heat.jpg 300w, https:\/\/opranic.com\/wp-content\/uploads\/2023\/09\/300x300-opranic-panel-infrared-heat-100x100.jpg 100w\" sizes=\"(max-width: 300px) 100vw, 300px\" \/><\/div><\/figure>\n<div class=\"vcex-spacing wpex-w-100 wpex-clear\"><\/div>\n<h2 class=\"vcex-heading vcex-heading-plain vcex-module wpex-heading wpex-text-2xl\"><span class=\"vcex-heading-inner wpex-inline-block\">Effektiv och direkt v\u00e4rme<\/span><\/h2>\n[vc_column_text]Varm luft f\u00f6rsvinner l\u00e4tt genom \u00f6ppna d\u00f6rrar, f\u00f6nster och drag, vilket orsakar v\u00e4rmef\u00f6rluster och konstant v\u00e4rmebehov i traditionella system. Luft stiger ocks\u00e5, vilket g\u00f6r att tak blir varma medan l\u00e4gre omr\u00e5den f\u00f6rblir svala. Infrar\u00f6da paneler fungerar annorlunda genom att s\u00e4nda v\u00e5gor som v\u00e4rmer m\u00e4nniskor och f\u00f6rem\u00e5l direkt ist\u00e4llet f\u00f6r att v\u00e4rma hela rummets luft. \u00c4ven i dragiga utrymmen bibeh\u00e5ller lagrad ytv\u00e4rme komforten och minskar bortkastad energi, vilket g\u00f6r infrar\u00f6d till ett \u00f6verl\u00e4gset och effektivt val.[\/vc_column_text]\n[\/vc_column][\/vc_row]\n[vc_row gap=&#8221;10&#8243;][vc_column css=&#8221;.vc_custom_1776900000000{margin-right: 40px !important;padding: 28px 32px !important;background-color: #FFF8EC !important;border-left: 4px solid #EE9305 !important;border-radius: 4px !important;}&#8221;]\n<div class=\"vcex-spacing wpex-w-100 wpex-clear\" style=\"height:10px;\"><\/div>\n<h2 class=\"vcex-heading vcex-heading-plain vcex-module wpex-heading wpex-text-2xl\"><span class=\"vcex-heading-inner wpex-inline-block\">Den infrar\u00f6da uppv\u00e4rmningen erbjuder flera f\u00f6rdelar<\/span><\/h2>\n[vc_column_text]\n<h3 style=\"color: #ee9305; font-weight: 600; margin-top: 16px;\">F\u00f6rdelar med infrar\u00f6d uppv\u00e4rmning<\/h3>\n<ul>\n<li><strong>Snabb v\u00e4rme:<\/strong> Direkt v\u00e4rmeavgivning ger omedelbar komfort.<\/li>\n<li><strong>Zonstyrning:<\/strong> Installera i specifika omr\u00e5den f\u00f6r energibesparing.<\/li>\n<li><strong>Energibesparande:<\/strong> Direkt uppv\u00e4rmning minskar v\u00e4rmef\u00f6rlusterna och energianv\u00e4ndningen.<\/li>\n<li><strong>Allergenfri:<\/strong> Ingen luftcirkulation inneb\u00e4r f\u00e4rre allergener, vilket underl\u00e4ttar f\u00f6r allergiker.<\/li>\n<\/ul>\n<h3 style=\"color: #ee9305; font-weight: 600; margin-top: 20px;\">Typ av infrar\u00f6d uppv\u00e4rmning<\/h3>\n<p>Allt, inklusive m\u00e4nniskor, avger elektromagnetisk str\u00e5lning. Infrar\u00f6d elv\u00e4rme \u00e4r naturlig och speglar solens v\u00e4rme, en koleld och v\u00e5r kroppsv\u00e4rme. Med infrav\u00e4rmare f\u00e5r du solliknande v\u00e4rme utan skadliga UV-str\u00e5lar.<\/p>\n<h3 style=\"color: #ee9305; font-weight: 600; margin-top: 20px;\">Varf\u00f6r v\u00e4lja effektiva infrav\u00e4rmare?<\/h3>\n<ul>\n<li><strong>Dragiga rum:<\/strong> Perfekt f\u00f6r utrymmen med drag, h\u00f6gt i tak eller d\u00e5lig isolering. Till skillnad fr\u00e5n traditionella v\u00e4rmare som v\u00e4rmer luften \u00e4r infrar\u00f6da v\u00e4rmare mer effektiva och ekonomiska i dragiga f\u00f6rh\u00e5llanden.<\/li>\n<li><strong>Omedelbar v\u00e4rme:<\/strong> De ger omedelbar v\u00e4rme, vilket g\u00f6r dem perfekta f\u00f6r utrymmen som s\u00e4llan anv\u00e4nds eller som extra v\u00e4rmek\u00e4lla under kyliga dagar. De \u00e4r s\u00e4rskilt praktiska i badrum f\u00f6r snabb uppv\u00e4rmning.<\/li>\n<li><strong>F\u00f6rebyggande av m\u00f6gel:<\/strong> Infrar\u00f6da str\u00e5lar torkar fuktiga v\u00e4ggar och f\u00f6rhindrar m\u00f6gel i uppv\u00e4rmda utrymmen.<\/li>\n<li><strong>F\u00f6rb\u00e4ttrad luftkvalitet:<\/strong> Till skillnad fr\u00e5n vanliga v\u00e4rmare som cirkulerar damm bibeh\u00e5ller infrav\u00e4rmare fr\u00e5n Opranic en stabil luftfuktighet, vilket gynnar allergiker.<\/li>\n<li><strong>Milj\u00f6v\u00e4nliga och tysta:<\/strong> Opranics v\u00e4rmare \u00e4r resurseffektiva, utsl\u00e4ppsfria och tysta, vilket fr\u00e4mjar en gr\u00f6nare framtid.<\/li>\n<li><strong>Problemfri installation och sk\u00f6tsel:<\/strong> Opranics elektriska infrav\u00e4rmare \u00e4r enkla att installera och kr\u00e4ver lite underh\u00e5ll.<\/li>\n<\/ul>\n[\/vc_column_text]\n<div class=\"vcex-spacing wpex-w-100 wpex-clear\" style=\"height:10px;\"><\/div>\n[\/vc_column][\/vc_row]\n[vc_row gap=&#8221;10&#8243;][vc_column]\n<h2 class=\"vcex-heading vcex-heading-plain vcex-module wpex-heading wpex-text-2xl\"><span class=\"vcex-heading-inner wpex-inline-block\">Studie om infrar\u00f6d uppv\u00e4rmning vid universiteten Leeds Beckett och Salford<\/span><\/h2>\n[vc_column_text]Energiexperter vid universiteten i Leeds Beckett och Salford unders\u00f6ker infrar\u00f6da v\u00e4rmesystem f\u00f6r bost\u00e4der. De unders\u00f6ker f\u00f6rdelarna med infrar\u00f6da v\u00e4rmepaneler. Eftersom Storbritannien str\u00e4var efter netto-nollutsl\u00e4pp \u00f6verv\u00e4gs \u00e4ven andra uppv\u00e4rmningsalternativ. Dessa inkluderar luft\/vatten-v\u00e4rmepumpar, v\u00e4tgaspannor, nattlagringsv\u00e4rmare och elektriska radiatorer. En blandning av dessa alternativ kan vara n\u00f6dv\u00e4ndig f\u00f6r \u00f6verg\u00e5ngen till nettonollutsl\u00e4pp.<\/p>\n<p>Professor Glew f\u00f6rklarade: &#8221;Infrar\u00f6da v\u00e4rmare \u00e4r elektriska v\u00e4rmepaneler som avger en del av sin v\u00e4rme i den infrar\u00f6da frekvensen. Teorin \u00e4r att anv\u00e4ndaren kan v\u00e4rma upp hela huset till en l\u00e4gre temperatur \u00e4n normalt, men \u00e4nd\u00e5 k\u00e4nna sig bekv\u00e4m. M\u00e5let med detta projekt \u00e4r att tillhandah\u00e5lla robusta bevis p\u00e5 om denna teori kan oms\u00e4ttas i praktiken i m\u00e4nniskors hem, vilket skulle kunna leda till l\u00e4gre energianv\u00e4ndning, l\u00e4gre uppv\u00e4rmningskostnader och mindre koldioxidutsl\u00e4pp.&#8221;<\/p>\n<p><a style=\"color: #ee9305; font-weight: 600;\" href=\"https:\/\/www.leedsbeckett.ac.uk\/news\/2023\/05\/infrared-heating-systems-research\/\" target=\"_blank\" rel=\"noopener\">Uppv\u00e4rmning av bost\u00e4der med infrar\u00f6da system \u2014 ny forskning f\u00f6r att informera regeringens Net Zero-uppdrag | Leeds Beckett University<\/a>[\/vc_column_text]\n<figure class=\"vcex-image vcex-module\"><div class=\"vcex-image-inner wpex-relative wpex-inline-block\"><img width=\"1280\" height=\"720\" src=\"https:\/\/opranic.com\/wp-content\/uploads\/2023\/08\/maxresdefault.jpg\" class=\"vcex-image-img wpex-align-middle\" alt=\"Universiteten Leeds Beckett och Salford\" decoding=\"async\" srcset=\"https:\/\/opranic.com\/wp-content\/uploads\/2023\/08\/maxresdefault.jpg 1280w, https:\/\/opranic.com\/wp-content\/uploads\/2023\/08\/maxresdefault-300x169.jpg 300w, https:\/\/opranic.com\/wp-content\/uploads\/2023\/08\/maxresdefault-1024x576.jpg 1024w, https:\/\/opranic.com\/wp-content\/uploads\/2023\/08\/maxresdefault-768x432.jpg 768w\" sizes=\"(max-width: 1280px) 100vw, 1280px\" \/><\/div><\/figure>\n[\/vc_column][\/vc_row]\n[vc_row remove_bottom_col_margin=&#8221;true&#8221;][vc_column css=&#8221;.vc_custom_1776900000001{border-top: 1px solid #E0E0E0 !important;padding-top: 20px !important;}&#8221;]\n[vc_column_text]\n<div class=\"ir-verify\">\n<style>\n.ir-verify { font: 16px\/1.6 'DM Sans', system-ui, -apple-system, Segoe UI, Roboto, Arial, sans-serif; color: #262626; }<br \/>\n.ir-verify h2, .ir-verify h3 { margin: 0 0 .5em; color: #262626; font-weight: 500; letter-spacing: -0.1px; }<br \/>\n.ir-verify h2 { font-size: 1.5rem; line-height: 1.25; }<br \/>\n.ir-verify h3 { font-size: 1.1rem; line-height: 1.3; color: #EE9305; font-weight: 600; }<br \/>\n.ir-verify p { margin: .6em 0; }<br \/>\n.ir-verify .lead { color: #505050; }<br \/>\n.ir-verify .card { background: #FAFAFA; border: 1px solid #E0E0E0; border-radius: 10.5px; padding: 24px 28px; margin: 0 0 18px; }<br \/>\n.ir-verify ul, .ir-verify ol { margin: .5em 0; padding-left: 1.3em; }<br \/>\n.ir-verify li { margin: .4em 0; }<br \/>\n.ir-verify .callout { background: #FFF8EC; border-left: 4px solid #EE9305; padding: 14px 18px; border-radius: 4px; margin: 1em 0; color: #262626; }<br \/>\n.ir-verify .kicker { margin: .3rem 0 1.2rem; color: #6B7280; font-size: 14px; }<br \/>\n.ir-verify .pill { display: inline-block; padding: 3px 10px; border: 1px solid #EE9305; border-radius: 999px; font-weight: 600; margin-right: 8px; color: #EE9305; font-size: 13px; letter-spacing: 0.2px; text-transform: uppercase; }<br \/>\n.ir-verify a { color: #EE9305; text-decoration: underline; text-decoration-thickness: 1px; text-underline-offset: 2px; }<br \/>\n.ir-verify a:hover { opacity: 0.75; }<br \/>\n.ir-verify sup a { text-decoration: none; }<br \/>\n.ir-verify .mono { font-family: ui-monospace, SFMono-Regular, Menlo, Monaco, Consolas, monospace; font-size: 13px; color: #505050; }<br \/>\n.ir-verify .claim-label { display: block; margin-top: 14px; margin-bottom: 4px; font-weight: 600; color: #262626; }<br \/>\n.ir-verify .verify-label { color: #505050; font-style: italic; }<br \/>\n<\/style>\n<p class=\"kicker\"><span class=\"pill\">AI-granskad<\/span> <a href=\"#irv-refs\">Faktakontrollerad och korsrefererad<\/a> \u2022 31 okt 2025<\/p>\n<h2>Rapport: Faktakontroll av &#8221;F\u00f6rdelar med Opranic infrav\u00e4rme inomhus&#8221;<\/h2>\n<div class=\"card\">\n<h3>1. Inledning<\/h3>\n<p class=\"lead\">Den h\u00e4r rapporten analyserar och verifierar p\u00e5st\u00e5endena i artikeln &#8221;F\u00f6rdelar med Opranic infrav\u00e4rme inomhus&#8221;. K\u00e4rnp\u00e5st\u00e5endena r\u00f6r energieffektivitet, h\u00e4lsof\u00f6rdelar (s\u00e4rskilt f\u00f6r allergiker) samt f\u00f6rebyggande av fukt och m\u00f6gel. Uppgifterna har kontrollerats mot oberoende k\u00e4llor, inklusive tekniska publikationer, byggnadsvetenskapliga resurser och den myndighetspublicerade studie som artikeln sj\u00e4lv refererar till.<\/p>\n<\/div>\n<div id=\"claims\" class=\"card\">\n<h3>2. Bed\u00f6mning av centrala p\u00e5st\u00e5enden<\/h3>\n<p><span class=\"claim-label\">P\u00e5st\u00e5ende 1: F\u00f6rb\u00e4ttrad luftkvalitet och allergiv\u00e4nlighet<\/span><\/p>\n<p><span class=\"verify-label\">Verifiering: Starkt st\u00f6d.<\/span> Detta \u00e4r en av de b\u00e4st dokumenterade f\u00f6rdelarna med str\u00e5lningsv\u00e4rme.<\/p>\n<ul>\n<li><strong>Mekanism:<\/strong> Konventionella konvektorer v\u00e4rmer luft som sedan stiger och cirkulerar, vilket oundvikligen virvlar upp damm, pollen, kvalster och andra allergener <sup class=\"mono\">[<a href=\"#ref1\">1<\/a>, <a href=\"#ref2\">2<\/a>]<\/sup>.<\/li>\n<li><strong>Effekt:<\/strong> Infrav\u00e4rmare v\u00e4rmer m\u00e4nniskor och ytor direkt utan att f\u00f6rlita sig p\u00e5 luftr\u00f6relser, vilket minskar luftburna partiklar och f\u00f6rb\u00e4ttrar inomhuskomforten f\u00f6r personer med astma eller allergi <sup class=\"mono\">[<a href=\"#ref2\">2<\/a>]<\/sup>.<\/li>\n<\/ul>\n<p><span class=\"claim-label\">P\u00e5st\u00e5ende 2: F\u00f6rebyggande av fukt och m\u00f6gel<\/span><\/p>\n<p><span class=\"verify-label\">Verifiering: Starkt st\u00f6d.<\/span> Flera k\u00e4llor bekr\u00e4ftar detta som en betydande sekund\u00e4r f\u00f6rdel.<\/p>\n<ul>\n<li><strong>Mekanism:<\/strong> M\u00f6geltillv\u00e4xt f\u00f6ljer av ytkondensation n\u00e4r varm, fuktig luft m\u00f6ter en kall yta. Infrav\u00e4rme h\u00f6jer yttemperaturen p\u00e5 v\u00e4ggar, tak och golv ist\u00e4llet f\u00f6r att fr\u00e4mst v\u00e4rma luften <sup class=\"mono\">[<a href=\"#ref3\">3<\/a>, <a href=\"#ref4\">4<\/a>]<\/sup>.<\/li>\n<li><strong>Effekt:<\/strong> Genom att h\u00f6ja v\u00e4ggytornas temperatur motverkar infrav\u00e4rme kondens och ber\u00f6var m\u00f6gel den fukt det beh\u00f6ver. Det hj\u00e4lper \u00e4ven till att torka befintlig fukt i murverk och skyddar byggnadsstommen <sup class=\"mono\">[<a href=\"#ref4\">4<\/a>]<\/sup>.<\/li>\n<\/ul>\n<p><span class=\"claim-label\">P\u00e5st\u00e5ende 3: Bibeh\u00e5llen inomhusfuktighet (komfort)<\/span><\/p>\n<p><span class=\"verify-label\">Verifiering: St\u00f6d finns.<\/span> Konvektorer v\u00e4rmer luft, vilket s\u00e4nker dess relativa fuktighet och kan k\u00e4nnas &#8221;torrt&#8221; samt irritera \u00f6gon och slemhinnor <sup class=\"mono\">[<a href=\"#ref5\">5<\/a>]<\/sup>. Eftersom infrav\u00e4rme inte fr\u00e4mst v\u00e4rmer luften p\u00e5verkas inomhusfuktigheten mindre, vilket bidrar till en j\u00e4mnare och mer behaglig milj\u00f6 <sup class=\"mono\">[<a href=\"#ref5\">5<\/a>, <a href=\"#ref6\">6<\/a>]<\/sup>.<\/p>\n<p><span class=\"claim-label\">P\u00e5st\u00e5ende 4: Energieffektivitet<\/span><\/p>\n<p><span class=\"verify-label\">Verifiering: Rimligt, men beroende av sammanhang.<\/span> F\u00f6rdelen kommer fr\u00e5n leveransen av v\u00e4rme, inte fr\u00e5n n\u00e5gra &#8221;magiska watt&#8221;.<\/p>\n<ul>\n<li><strong>Systemeffektivitet:<\/strong> Genom att v\u00e4rma m\u00e4nniskor och m\u00f6bler direkt (zonv\u00e4rme) ist\u00e4llet f\u00f6r hela luftvolymen \u2014 s\u00e4rskilt i rum med h\u00f6ga tak eller d\u00e5lig isolering \u2014 kan samma upplevda komfort uppn\u00e5s vid l\u00e4gre lufttemperatur <sup class=\"mono\">[<a href=\"#ref7\">7<\/a>]<\/sup>.<\/li>\n<li><strong>Rapporterade besparingar:<\/strong> Flera k\u00e4llor anger besparingar p\u00e5 upp till cirka 30 % i l\u00e4mpliga scenarier <sup class=\"mono\">[<a href=\"#ref8\">8<\/a>]<\/sup>.<\/li>\n<li><strong>Kvardr\u00f6jande v\u00e4rme:<\/strong> Uppv\u00e4rmda ytor lagrar och \u00e5terutstr\u00e5lar v\u00e4rme (termisk massa), vilket j\u00e4mnar ut temperaturen \u00e4ven efter att v\u00e4rmaren slagit av <sup class=\"mono\">[<a href=\"#ref8\">8<\/a>]<\/sup>.<\/li>\n<\/ul>\n<\/div>\n<div id=\"study\" class=\"card\">\n<h3>3. Genomg\u00e5ng av den refererade studien (Leeds Beckett och Salford)<\/h3>\n<p>Artikeln h\u00e4nvisar till forskning fr\u00e5n universiteten Leeds Beckett och Salford, publicerad via GOV.UK <sup class=\"mono\">[<a href=\"#ref9\">9<\/a>]<\/sup>. Studien unders\u00f6ker hypotesen att infrav\u00e4rme kan ge komfort vid l\u00e4gre lufttemperatur. Resultaten \u00e4r mer nyanserade \u00e4n artikeln antyder:<\/p>\n<ul>\n<li><strong>Siktlinje:<\/strong> Komforten berodde starkt p\u00e5 att befinna sig inom v\u00e4rmarens direkta siktlinje; personer som inte var direkt bestr\u00e5lade k\u00e4nde sig mindre komfortabla <sup class=\"mono\">[<a href=\"#ref9\">9<\/a>]<\/sup>.<\/li>\n<li><strong>Oavsedd konsekvens:<\/strong> Om den allm\u00e4nna rumslufttemperaturen s\u00e4nks f\u00f6r mycket (en del av besparingsstrategin) kan risken f\u00f6r ytkondensation \u00f6ka p\u00e5 kallare omr\u00e5den som inte bestr\u00e5las <sup class=\"mono\">[<a href=\"#ref9\">9<\/a>]<\/sup>.<\/li>\n<\/ul>\n<div class=\"callout\">Balanserad drift \u00e4r avg\u00f6rande: anv\u00e4nd infrav\u00e4rme f\u00f6r att v\u00e4rma b\u00e5de nyckelytor och personer, s\u00e5 att kalla, obestr\u00e5lade ytor undviks.<\/div>\n<\/div>\n<div id=\"conclusion\" class=\"card\">\n<h3>4. Slutsats<\/h3>\n<ul>\n<li><strong>H\u00e4lsof\u00f6rdelar:<\/strong> F\u00f6rb\u00e4ttrad luftkvalitet och minskad allergiirritation har gott st\u00f6d i oberoende k\u00e4llor.<\/li>\n<li><strong>M\u00f6gelf\u00f6rebyggande:<\/strong> Infrav\u00e4rme minskar kondens genom att h\u00f6ja yttemperaturen; f\u00f6rdelen \u00e4r v\u00e4l f\u00f6rankrad i byggnadsfysik.<\/li>\n<li><strong>Effektivitet:<\/strong> Besparingar \u00e4r m\u00f6jliga d\u00e4r zonbaserad str\u00e5lningsv\u00e4rme ers\u00e4tter uppv\u00e4rmning av hela luftvolymen; resultaten \u00e4r kontextberoende, inte universella.<\/li>\n<li><strong>Refererad forskning:<\/strong> Studien existerar och st\u00f6djer komfort vid l\u00e4gre lufttemperatur under vissa f\u00f6ruts\u00e4ttningar, men lyfter fram beroendet av siktlinje och risk f\u00f6r kondens om tekniken anv\u00e4nds felaktigt.<\/li>\n<\/ul>\n<\/div>\n<div id=\"irv-refs\" class=\"card\">\n<h3>5. K\u00e4llor<\/h3>\n<ol>\n<li id=\"ref1\">Infrared Heating Supplies. &#8221;Infrared vs Convection Heaters: Comprehensive Comparison.&#8221;<\/li>\n<li id=\"ref2\">GL Radiant. &#8221;Infrared Radiant Heat \u2013 The Best Heat for Allergies &amp; Air Quality.&#8221;<\/li>\n<li id=\"ref3\">Eco Affect. &#8221;Does Infrared Heating Help with Condensation?&#8221;<\/li>\n<li id=\"ref4\">Warm4Less. &#8221;Does Infrared Heat Kill Mould?&#8221;<\/li>\n<li id=\"ref5\">Lamina Heat. &#8221;Does Using Non-Radiant Heaters Dry Out The Air In Your Home?&#8221;<\/li>\n<li id=\"ref6\">Kiasa Heating. &#8221;Convection vs Infrared Heater Panels | Pros, Cons &amp; Benefits.&#8221;<\/li>\n<li id=\"ref7\">Eco Affect. &#8221;Are Infrared Panels More Efficient than Electric Heaters?&#8221;<\/li>\n<li id=\"ref8\">Boldr. &#8221;Infrared vs. Convection Heaters: Which is Better for Your Space?&#8221;<\/li>\n<li id=\"ref9\">GOV.UK (Assets). &#8221;Infrared heating: investigations from literature and user experience tests.&#8221; (Leeds Beckett och Salford Universities).<\/li>\n<\/ol>\n<p class=\"kicker\">Metod: AI-st\u00f6dda kontroller i kombination med m\u00e4nsklig granskning. Automatiserade kontroller kan missa nyanser eller nya uppdateringar.<\/p>\n<\/div>\n<\/div>\n[\/vc_column_text]\n[\/vc_column][\/vc_row]\n<\/div>","protected":false},"excerpt":{"rendered":"<p>[vc_row][vc_column] [vc_column_text]Effektiv infrar\u00f6d inomhusv\u00e4rme ger en \u00f6verl\u00e4gsen metod f\u00f6r uppv\u00e4rmning. Ist\u00e4llet f\u00f6r att sl\u00f6sa energi p\u00e5 att v\u00e4rma upp luften som traditionella v\u00e4rmare g\u00f6r, str\u00e5lar v\u00e5r teknik direkt ut v\u00e4rmev\u00e5gor till m\u00e4nniskor och f\u00f6rem\u00e5l, vilket garanterar minimal v\u00e4rmef\u00f6rlust och en behaglig inomhusmilj\u00f6. Detta \u00e4r en av de st\u00f6rsta f\u00f6rdelarna med infrar\u00f6d inomhusv\u00e4rme.[\/vc_column_text] [vc_column_text] Den h\u00e4r&hellip;<\/p>\n","protected":false},"author":1,"featured_media":14332,"comment_status":"closed","ping_status":"closed","sticky":false,"template":"","format":"standard","meta":{"_acf_changed":false,"inline_featured_image":false,"_joinchat":[],"footnotes":""},"categories":[17],"tags":[],"class_list":["post-14257","post","type-post","status-publish","format-standard","has-post-thumbnail","hentry","category-kunskapsbank","entry","has-media"],"acf":[],"_links":{"self":[{"href":"https:\/\/opranic.com\/sv\/wp-json\/wp\/v2\/posts\/14257","targetHints":{"allow":["GET"]}}],"collection":[{"href":"https:\/\/opranic.com\/sv\/wp-json\/wp\/v2\/posts"}],"about":[{"href":"https:\/\/opranic.com\/sv\/wp-json\/wp\/v2\/types\/post"}],"author":[{"embeddable":true,"href":"https:\/\/opranic.com\/sv\/wp-json\/wp\/v2\/users\/1"}],"replies":[{"embeddable":true,"href":"https:\/\/opranic.com\/sv\/wp-json\/wp\/v2\/comments?post=14257"}],"version-history":[{"count":10,"href":"https:\/\/opranic.com\/sv\/wp-json\/wp\/v2\/posts\/14257\/revisions"}],"predecessor-version":[{"id":26747,"href":"https:\/\/opranic.com\/sv\/wp-json\/wp\/v2\/posts\/14257\/revisions\/26747"}],"wp:featuredmedia":[{"embeddable":true,"href":"https:\/\/opranic.com\/sv\/wp-json\/wp\/v2\/media\/14332"}],"wp:attachment":[{"href":"https:\/\/opranic.com\/sv\/wp-json\/wp\/v2\/media?parent=14257"}],"wp:term":[{"taxonomy":"category","embeddable":true,"href":"https:\/\/opranic.com\/sv\/wp-json\/wp\/v2\/categories?post=14257"},{"taxonomy":"post_tag","embeddable":true,"href":"https:\/\/opranic.com\/sv\/wp-json\/wp\/v2\/tags?post=14257"}],"curies":[{"name":"wp","href":"https:\/\/api.w.org\/{rel}","templated":true}]}}